{"id":721,"date":"2022-02-22T08:07:00","date_gmt":"2022-02-22T07:07:00","guid":{"rendered":"https:\/\/nicotondeur.fr\/?p=721"},"modified":"2022-02-10T10:12:53","modified_gmt":"2022-02-10T09:12:53","slug":"cetait-mieux-avant","status":"publish","type":"post","link":"https:\/\/nicotondeur.fr\/index.php\/2022\/02\/22\/cetait-mieux-avant\/","title":{"rendered":"C&rsquo;\u00e9tait mieux avant?"},"content":{"rendered":"\n<p>Dans le cadre de mon activit\u00e9 avec le GAG, au sein de la d\u00e9marche <a href=\"https:\/\/www.hacoeur.biz\/qui-sommes-nous\/\">H@\u2764\ufe0f &#8211; Humain au coeur<\/a>, je me suis int\u00e9ress\u00e9 \u00e0 la fameuse phrase : \u00ab\u00a0<a href=\"https:\/\/www.hacoeur.biz\/rex-mieux_avant\/\">C&rsquo;\u00e9tait mieux avant!!<\/a>\u00a0\u00bb que nous entendons souvent lors de nos accompagnements de la transformation.<\/p>\n\n\n\n<p>Je vous propose de lire cet article et de ne pas h\u00e9siter \u00e0 me remonter vos avis sur la question.  \ud83d\ude09<\/p>\n\n\n\n<p>L&rsquo;article: <a href=\"https:\/\/www.hacoeur.biz\/rex-mieux_avant\/\">https:\/\/www.hacoeur.biz\/rex-mieux_avant\/<\/a><\/p>\n","protected":false},"excerpt":{"rendered":"<p>Dans le cadre de mon activit\u00e9 avec le GAG, au sein de la d\u00e9marche H@\u2764\ufe0f &#8211; Humain au coeur, je me suis int\u00e9ress\u00e9 \u00e0 la fameuse phrase : \u00ab\u00a0C&rsquo;\u00e9tait mieux avant!!\u00a0\u00bb que nous entendons souvent lors de nos accompagnements de la transformation.<\/p>\n","protected":false},"author":1,"featured_media":722,"comment_status":"open","ping_status":"open","sticky":false,"template":"","format":"standard","meta":{"jetpack_post_was_ever_published":false,"_jetpack_newsletter_access":"","_jetpack_dont_email_post_to_subs":false,"_jetpack_newsletter_tier_id":0,"_jetpack_memberships_contains_paywalled_content":false,"_jetpack_memberships_contains_paid_content":false,"footnotes":"","jetpack_publicize_message":"Dans le cadre de mon activit\u00e9 avec le GAG, au sein de la d\u00e9marche H@\u2764\ufe0f - Humain au coeur, je me suis int\u00e9ress\u00e9 \u00e0 la fameuse phrase : \"C'\u00e9tait mieux avant!!\" que nous entendons souvent lors de nos accompagnements de la transformation.","jetpack_publicize_feature_enabled":true,"jetpack_social_post_already_shared":true,"jetpack_social_options":{"image_generator_settings":{"template":"highway","default_image_id":0,"font":"","enabled":false},"version":2}},"categories":[1],"tags":[4,7,8],"class_list":{"0":"post-721","1":"post","2":"type-post","3":"status-publish","4":"format-standard","5":"has-post-thumbnail","6":"hentry","7":"category-non-classe","8":"tag-blog","9":"tag-coaching","10":"tag-communication","12":"fallback-thumbnail"},"jetpack_publicize_connections":[],"jetpack_featured_media_url":"https:\/\/i0.wp.com\/nicotondeur.fr\/wp-content\/uploads\/2022\/02\/cassette-2025403_1280.png?fit=1280%2C800&ssl=1","jetpack_sharing_enabled":true,"jetpack_shortlink":"https:\/\/wp.me\/paJKjz-bD","jetpack-related-posts":[{"id":681,"url":"https:\/\/nicotondeur.fr\/index.php\/2021\/09\/21\/sos-save-our-stars\/","url_meta":{"origin":721,"position":0},"title":"SOS &#8211; Save Our Stars","author":"Nico Tondeur","date":"21 septembre 2021","format":false,"excerpt":"Depuis quelques ann\u00e9es j'accompagne des \u00e9quipes au sein d'une entreprise de production de tubes la plupart du temps utilis\u00e9s dans le transport du p\u00e9trole. Une des probl\u00e9matiques rencontr\u00e9es \u00e9tait que les prises de d\u00e9cisions \u00e9taient compliqu\u00e9es. Entre le \"Il est urgent de ne pas prendre de d\u00e9cision\" et le \"J'ai\u2026","rel":"","context":"Dans &quot;Non class\u00e9&quot;","block_context":{"text":"Non class\u00e9","link":"https:\/\/nicotondeur.fr\/index.php\/category\/non-classe\/"},"img":{"alt_text":"Logo SOS","src":"https:\/\/i0.wp.com\/nicotondeur.fr\/wp-content\/uploads\/2021\/08\/LogoSOS.png?resize=350%2C200&ssl=1","width":350,"height":200},"classes":[]},{"id":923,"url":"https:\/\/nicotondeur.fr\/index.php\/2024\/04\/23\/la-paralysie-agile-institutionnelle\/","url_meta":{"origin":721,"position":1},"title":"La paralysie agile institutionnelle?","author":"Nico Tondeur","date":"23 avril 2024","format":false,"excerpt":"J'observe que les transformations agiles \u00e9chouent souvent en raison d'un manque de soutien des hautes instances. Les succ\u00e8s initiaux en informatique ne se propagent pas toujours aux autres secteurs. J'ai d\u00e9couvert l'importance des \"terreaux culturels\" de l'entreprise, un facteur cl\u00e9 omis dans mes r\u00e9flexions pr\u00e9c\u00e9dentes qui influence grandement le processus\u2026","rel":"","context":"Dans &quot;Non class\u00e9&quot;","block_context":{"text":"Non class\u00e9","link":"https:\/\/nicotondeur.fr\/index.php\/category\/non-classe\/"},"img":{"alt_text":"Image par Birgit de Pixabay","src":"https:\/\/i0.wp.com\/nicotondeur.fr\/wp-content\/uploads\/2024\/04\/soap-bubble-3187617_1280.jpg?fit=1200%2C851&ssl=1&resize=350%2C200","width":350,"height":200,"srcset":"https:\/\/i0.wp.com\/nicotondeur.fr\/wp-content\/uploads\/2024\/04\/soap-bubble-3187617_1280.jpg?fit=1200%2C851&ssl=1&resize=350%2C200 1x, https:\/\/i0.wp.com\/nicotondeur.fr\/wp-content\/uploads\/2024\/04\/soap-bubble-3187617_1280.jpg?fit=1200%2C851&ssl=1&resize=525%2C300 1.5x, https:\/\/i0.wp.com\/nicotondeur.fr\/wp-content\/uploads\/2024\/04\/soap-bubble-3187617_1280.jpg?fit=1200%2C851&ssl=1&resize=700%2C400 2x, https:\/\/i0.wp.com\/nicotondeur.fr\/wp-content\/uploads\/2024\/04\/soap-bubble-3187617_1280.jpg?fit=1200%2C851&ssl=1&resize=1050%2C600 3x"},"classes":[]},{"id":724,"url":"https:\/\/nicotondeur.fr\/index.php\/2022\/03\/01\/jaime-pas-lagilite\/","url_meta":{"origin":721,"position":2},"title":"J&rsquo;aime pas l&rsquo;Agilit\u00e9!!","author":"Nico Tondeur","date":"1 mars 2022","format":false,"excerpt":"Pourquoi le terme \"Agilit\u00e9\" sort-il petit \u00e0 petit de mon vocabulaire?","rel":"","context":"Dans &quot;Non class\u00e9&quot;","block_context":{"text":"Non class\u00e9","link":"https:\/\/nicotondeur.fr\/index.php\/category\/non-classe\/"},"img":{"alt_text":"","src":"https:\/\/i0.wp.com\/nicotondeur.fr\/wp-content\/uploads\/2022\/02\/thumbs-down-6110175_1920.jpg?fit=1200%2C800&ssl=1&resize=350%2C200","width":350,"height":200,"srcset":"https:\/\/i0.wp.com\/nicotondeur.fr\/wp-content\/uploads\/2022\/02\/thumbs-down-6110175_1920.jpg?fit=1200%2C800&ssl=1&resize=350%2C200 1x, https:\/\/i0.wp.com\/nicotondeur.fr\/wp-content\/uploads\/2022\/02\/thumbs-down-6110175_1920.jpg?fit=1200%2C800&ssl=1&resize=525%2C300 1.5x, https:\/\/i0.wp.com\/nicotondeur.fr\/wp-content\/uploads\/2022\/02\/thumbs-down-6110175_1920.jpg?fit=1200%2C800&ssl=1&resize=700%2C400 2x, https:\/\/i0.wp.com\/nicotondeur.fr\/wp-content\/uploads\/2022\/02\/thumbs-down-6110175_1920.jpg?fit=1200%2C800&ssl=1&resize=1050%2C600 3x"},"classes":[]},{"id":827,"url":"https:\/\/nicotondeur.fr\/index.php\/2022\/12\/06\/mon-agile-greenoble-2022\/","url_meta":{"origin":721,"position":3},"title":"Mon Agile Greenoble 2022","author":"Nico Tondeur","date":"6 d\u00e9cembre 2022","format":false,"excerpt":"Les 23, 24 et 25 Novembre 2022 avait lieu Agile Greenoble 2022 (ce n\u2019est pas une faute de frappe). Cet \u00e9v\u00e9nement agile, teint\u00e9 cette ann\u00e9e sur l\u2019\u00e9co-responsabilit\u00e9, fait partie de mes incontournables chaque ann\u00e9e. Je vous propose d\u2019explorer avec moi plusieurs aspects autour de cet \u00e9v\u00e9nement\u00a0: La d\u00e9marche personnelle autour\u2026","rel":"","context":"Dans &quot;Non class\u00e9&quot;","block_context":{"text":"Non class\u00e9","link":"https:\/\/nicotondeur.fr\/index.php\/category\/non-classe\/"},"img":{"alt_text":"","src":"https:\/\/i0.wp.com\/nicotondeur.fr\/wp-content\/uploads\/2022\/12\/20221124_122521_897.jpg?fit=1200%2C800&ssl=1&resize=350%2C200","width":350,"height":200,"srcset":"https:\/\/i0.wp.com\/nicotondeur.fr\/wp-content\/uploads\/2022\/12\/20221124_122521_897.jpg?fit=1200%2C800&ssl=1&resize=350%2C200 1x, https:\/\/i0.wp.com\/nicotondeur.fr\/wp-content\/uploads\/2022\/12\/20221124_122521_897.jpg?fit=1200%2C800&ssl=1&resize=525%2C300 1.5x, https:\/\/i0.wp.com\/nicotondeur.fr\/wp-content\/uploads\/2022\/12\/20221124_122521_897.jpg?fit=1200%2C800&ssl=1&resize=700%2C400 2x, https:\/\/i0.wp.com\/nicotondeur.fr\/wp-content\/uploads\/2022\/12\/20221124_122521_897.jpg?fit=1200%2C800&ssl=1&resize=1050%2C600 3x"},"classes":[]},{"id":375,"url":"https:\/\/nicotondeur.fr\/index.php\/2020\/09\/08\/le-manager-agile-rend-t-il-le-management-fragile-1-partie\/","url_meta":{"origin":721,"position":4},"title":"Le manager agile rend-t-il le management fragile?  &#8211; 1\u00b0 Partie","author":"Nico Tondeur","date":"8 septembre 2020","format":false,"excerpt":"Image par Steve Buissinne de Pixabay Il y a quelques mois, j\u2019ai eu la chance de pouvoir animer, avec S\u00e9bastien Noul\u00e9, un atelier autour du management et de l\u2019agilit\u00e9. Dans cet atelier, nous parlions notamment des besoins des manag\u00e9s, en fonction de leurs caract\u00e9ristiques (Baby Boomer, G\u00e9n\u00e9ration X\u2026), mais \u00e9galement\u2026","rel":"","context":"Dans &quot;Non class\u00e9&quot;","block_context":{"text":"Non class\u00e9","link":"https:\/\/nicotondeur.fr\/index.php\/category\/non-classe\/"},"img":{"alt_text":"Image par Steve Buissinne de Pixabay","src":"https:\/\/i0.wp.com\/nicotondeur.fr\/wp-content\/uploads\/2020\/09\/egg-583163_1920.jpg?fit=1200%2C998&ssl=1&resize=350%2C200","width":350,"height":200,"srcset":"https:\/\/i0.wp.com\/nicotondeur.fr\/wp-content\/uploads\/2020\/09\/egg-583163_1920.jpg?fit=1200%2C998&ssl=1&resize=350%2C200 1x, https:\/\/i0.wp.com\/nicotondeur.fr\/wp-content\/uploads\/2020\/09\/egg-583163_1920.jpg?fit=1200%2C998&ssl=1&resize=525%2C300 1.5x, https:\/\/i0.wp.com\/nicotondeur.fr\/wp-content\/uploads\/2020\/09\/egg-583163_1920.jpg?fit=1200%2C998&ssl=1&resize=700%2C400 2x, https:\/\/i0.wp.com\/nicotondeur.fr\/wp-content\/uploads\/2020\/09\/egg-583163_1920.jpg?fit=1200%2C998&ssl=1&resize=1050%2C600 3x"},"classes":[]},{"id":414,"url":"https:\/\/nicotondeur.fr\/index.php\/2020\/07\/31\/de-lambivalence-dune-reprise-en-presentiel\/","url_meta":{"origin":721,"position":5},"title":"De l\u2019ambivalence d\u2019une reprise en pr\u00e9sentiel.","author":"Nico Tondeur","date":"31 juillet 2020","format":false,"excerpt":"Il y aura, j'en suis persuad\u00e9, un apr\u00e8s COVID au niveau du fonctionnement des \u00e9quipes et de nos pratiques de travail. J'ai d\u00e9j\u00e0 pu rencontrer quelques changements, rien qu'en abordant la question de retourner sur site. Voici quelques r\u00e9flexions \u00e0 ce ce sujet.","rel":"","context":"Dans &quot;Non class\u00e9&quot;","block_context":{"text":"Non class\u00e9","link":"https:\/\/nicotondeur.fr\/index.php\/category\/non-classe\/"},"img":{"alt_text":"","src":"https:\/\/i0.wp.com\/nicotondeur.fr\/wp-content\/uploads\/2020\/07\/opposites-3808487_1920.jpg?fit=1200%2C783&ssl=1&resize=350%2C200","width":350,"height":200,"srcset":"https:\/\/i0.wp.com\/nicotondeur.fr\/wp-content\/uploads\/2020\/07\/opposites-3808487_1920.jpg?fit=1200%2C783&ssl=1&resize=350%2C200 1x, https:\/\/i0.wp.com\/nicotondeur.fr\/wp-content\/uploads\/2020\/07\/opposites-3808487_1920.jpg?fit=1200%2C783&ssl=1&resize=525%2C300 1.5x, https:\/\/i0.wp.com\/nicotondeur.fr\/wp-content\/uploads\/2020\/07\/opposites-3808487_1920.jpg?fit=1200%2C783&ssl=1&resize=700%2C400 2x, https:\/\/i0.wp.com\/nicotondeur.fr\/wp-content\/uploads\/2020\/07\/opposites-3808487_1920.jpg?fit=1200%2C783&ssl=1&resize=1050%2C600 3x"},"classes":[]}],"_links":{"self":[{"href":"https:\/\/nicotondeur.fr\/index.php\/wp-json\/wp\/v2\/posts\/721","targetHints":{"allow":["GET"]}}],"collection":[{"href":"https:\/\/nicotondeur.fr\/index.php\/wp-json\/wp\/v2\/posts"}],"about":[{"href":"https:\/\/nicotondeur.fr\/index.php\/wp-json\/wp\/v2\/types\/post"}],"author":[{"embeddable":true,"href":"https:\/\/nicotondeur.fr\/index.php\/wp-json\/wp\/v2\/users\/1"}],"replies":[{"embeddable":true,"href":"https:\/\/nicotondeur.fr\/index.php\/wp-json\/wp\/v2\/comments?post=721"}],"version-history":[{"count":1,"href":"https:\/\/nicotondeur.fr\/index.php\/wp-json\/wp\/v2\/posts\/721\/revisions"}],"predecessor-version":[{"id":723,"href":"https:\/\/nicotondeur.fr\/index.php\/wp-json\/wp\/v2\/posts\/721\/revisions\/723"}],"wp:featuredmedia":[{"embeddable":true,"href":"https:\/\/nicotondeur.fr\/index.php\/wp-json\/wp\/v2\/media\/722"}],"wp:attachment":[{"href":"https:\/\/nicotondeur.fr\/index.php\/wp-json\/wp\/v2\/media?parent=721"}],"wp:term":[{"taxonomy":"category","embeddable":true,"href":"https:\/\/nicotondeur.fr\/index.php\/wp-json\/wp\/v2\/categories?post=721"},{"taxonomy":"post_tag","embeddable":true,"href":"https:\/\/nicotondeur.fr\/index.php\/wp-json\/wp\/v2\/tags?post=721"}],"curies":[{"name":"wp","href":"https:\/\/api.w.org\/{rel}","templated":true}]}}