{"id":1455,"date":"2026-09-01T06:20:00","date_gmt":"2026-09-01T04:20:00","guid":{"rendered":"https:\/\/nicotondeur.fr\/?p=1455"},"modified":"2026-08-31T16:33:16","modified_gmt":"2026-08-31T14:33:16","slug":"bivouac-un-festival-familial-pour-le-travail","status":"publish","type":"post","link":"https:\/\/nicotondeur.fr\/index.php\/2026\/09\/01\/bivouac-un-festival-familial-pour-le-travail\/","title":{"rendered":"Bivouac : Un festival familial pour le travail ?"},"content":{"rendered":"\n<p class=\"wp-block-paragraph\">Vendredi dernier, le 28 aout 2026, j\u2019ai pris la route en d\u00e9but d\u2019apr\u00e8s midi avec <a href=\"https:\/\/www.linkedin.com\/in\/sophiepruvost\/\">Sophie P<\/a>. Nous avions rendez-vous avec <a href=\"https:\/\/www.linkedin.com\/in\/perrinechevalon\/\">Perrine C<\/a> de <a href=\"https:\/\/www.agauchedelalune.com\">A Gauche de la Lune<\/a> au festival <a href=\"https:\/\/bivouacfestival.com\">Bivouac<\/a> dans la <a href=\"https:\/\/bivouacfestival.com\">for\u00eat d\u2019Olhain<\/a>.<\/p>\n\n\n<div class=\"wp-block-image\">\n<figure class=\"alignleft size-full is-resized\"><img data-recalc-dims=\"1\" loading=\"lazy\" decoding=\"async\" width=\"512\" height=\"512\" data-attachment-id=\"1456\" data-permalink=\"https:\/\/nicotondeur.fr\/index.php\/2026\/09\/01\/bivouac-un-festival-familial-pour-le-travail\/camping\/\" data-orig-file=\"https:\/\/i0.wp.com\/nicotondeur.fr\/wp-content\/uploads\/2026\/08\/camping.png?fit=512%2C512&amp;ssl=1\" data-orig-size=\"512,512\" data-comments-opened=\"1\" data-image-meta=\"{&quot;aperture&quot;:&quot;0&quot;,&quot;credit&quot;:&quot;&quot;,&quot;camera&quot;:&quot;&quot;,&quot;caption&quot;:&quot;&quot;,&quot;created_timestamp&quot;:&quot;0&quot;,&quot;copyright&quot;:&quot;&quot;,&quot;focal_length&quot;:&quot;0&quot;,&quot;iso&quot;:&quot;0&quot;,&quot;shutter_speed&quot;:&quot;0&quot;,&quot;title&quot;:&quot;&quot;,&quot;orientation&quot;:&quot;0&quot;,&quot;alt&quot;:&quot;&quot;}\" data-image-title=\"camping\" data-image-description=\"\" data-image-caption=\"&lt;p&gt;&lt;a href=&quot;https:\/\/www.flaticon.com\/free-icons\/camping&quot; title=&quot;camping icons&quot;&gt;Camping icons created by Iconic Panda &amp;#8211; Flaticon&lt;\/a&gt;&lt;\/p&gt;\n\" data-large-file=\"https:\/\/i0.wp.com\/nicotondeur.fr\/wp-content\/uploads\/2026\/08\/camping.png?fit=512%2C512&amp;ssl=1\" src=\"https:\/\/i0.wp.com\/nicotondeur.fr\/wp-content\/uploads\/2026\/08\/camping.png?resize=512%2C512&#038;ssl=1\" alt=\"\" class=\"wp-image-1456\" style=\"width:276px;height:auto\" srcset=\"https:\/\/i0.wp.com\/nicotondeur.fr\/wp-content\/uploads\/2026\/08\/camping.png?w=512&amp;ssl=1 512w, https:\/\/i0.wp.com\/nicotondeur.fr\/wp-content\/uploads\/2026\/08\/camping.png?resize=300%2C300&amp;ssl=1 300w, https:\/\/i0.wp.com\/nicotondeur.fr\/wp-content\/uploads\/2026\/08\/camping.png?resize=150%2C150&amp;ssl=1 150w, https:\/\/i0.wp.com\/nicotondeur.fr\/wp-content\/uploads\/2026\/08\/camping.png?resize=450%2C450&amp;ssl=1 450w, https:\/\/i0.wp.com\/nicotondeur.fr\/wp-content\/uploads\/2026\/08\/camping.png?resize=60%2C60&amp;ssl=1 60w\" sizes=\"auto, (max-width: 512px) 100vw, 512px\" \/><figcaption class=\"wp-element-caption\"><a href=\"https:\/\/www.flaticon.com\/free-icons\/camping\" title=\"camping icons\">Camping icons created by Iconic Panda &#8211; Flaticon<\/a><\/figcaption><\/figure>\n<\/div>\n\n\n<p class=\"wp-block-paragraph\">L\u2019objectif pour <a href=\"https:\/\/techsys.fr\">Techsys<\/a> \u00e9tait triple :<\/p>\n\n\n\n<ul class=\"wp-block-list\">\n<li>Investiguer quel type d\u2019engagement b\u00e9n\u00e9vole demande un festival comme ca pour voir si nous pourrions le proposer en \u00e9v\u00e9nement RSE d\u2019entreprise l\u2019ann\u00e9e prochaine.<\/li>\n\n\n\n<li>Rencontrer les personnes qui font et vivent ce festival afin d\u2019aider les organisateurs dans leurs r\u00e9flexions \u00e0 son sujet.<\/li>\n\n\n\n<li>Vivre l\u2019\u00e9v\u00e9nement pour imaginer un engagement d\u2019entreprise lors de ces 3 jours (au del\u00e0 du b\u00e9n\u00e9volat).<\/li>\n<\/ul>\n\n\n\n<p class=\"wp-block-paragraph\">Alors, <a href=\"https:\/\/bivouacfestival.com\">Bivouac<\/a> c\u2019est quoi ? Et pourquoi vous en parle-je aujourd\u2019hui ?<\/p>\n\n\n\n<p class=\"wp-block-paragraph\"><a href=\"https:\/\/bivouacfestival.com\">Bivouac<\/a> c\u2019est un \u201cslow festival\u201d \u00e0 vis\u00e9e \u00e9thique, locale, \u00e9cologique et familiale. Un slow festival est un festival o\u00f9 les gens peuvent prendre le temps. <a href=\"https:\/\/bivouacfestival.com\">Bivouac<\/a> a la particularit\u00e9 d\u2019ajouter une jauge (nombre maximal de festivaliers) tr\u00e8s basse (1000 maximum).<\/p>\n\n\n\n<p class=\"wp-block-paragraph\">Mais ca veut dire quoi tout ca ?<\/p>\n\n\n\n<p class=\"wp-block-paragraph\">D\u2019abord, c\u2019est un festival compatible famille, dans un lieu s\u00e9curis\u00e9, qui propose des activit\u00e9s pour tous les ages. Entre un camping bon enfant pour tout type de campeur, des plus roots avec juste un emplacement de tente aux plus d\u00e9licats du dos avec des cabanons de 6 personnes (avec lit et chauffage), et un lieu enti\u00e8rement ferm\u00e9, autant vous dire que les enfants courent dans tous les sens et ne se pr\u00e9occupent pas des parents qui eux m\u00eame les savent en s\u00e9curit\u00e9.<\/p>\n\n\n\n<p class=\"wp-block-paragraph\">C\u2019est bien simple, ma petite famille m\u2019a rejoint le vendredi soir et nous y avons passer le weekend : nous n\u2019avons pas, ou presque, eu \u00e0 nous pr\u00e9occuper de notre fils de 10 ans en journ\u00e9e. Cabanes, batailles de sabres de bois, activit\u00e9s pour enfants\u2026 il a trouv\u00e9 un groupe de copains et ils se sont rarement quitt\u00e9s des 3 jours.<\/p>\n\n\n\n<p class=\"wp-block-paragraph\"><a href=\"https:\/\/bivouacfestival.com\">Bivouac<\/a> c\u2019est aussi un festival \u00e0 vis\u00e9e \u00e9cologique, \u00e9thique et locale.<\/p>\n\n\n\n<p class=\"wp-block-paragraph\">Les foodtrucks et restaurateurs locaux proposent des produits locaux, avec option v\u00e9g\u00e9\/v\u00e9gan. Une attention particuli\u00e8re est port\u00e9e sur la gestion des d\u00e9chets et les \u00e9quipements pr\u00e9sents sur le site permettent, entre autre, de ne pas installer de toilettes temporaires, de r\u00e9duire les co\u00fbts de location de mat\u00e9riel mais aussi les consommations en transport et \u00e9lectricit\u00e9 de fait.<\/p>\n\n\n<div class=\"wp-block-image\">\n<figure class=\"alignright size-full is-resized\"><img data-recalc-dims=\"1\" loading=\"lazy\" decoding=\"async\" width=\"512\" height=\"512\" data-attachment-id=\"1457\" data-permalink=\"https:\/\/nicotondeur.fr\/index.php\/2026\/09\/01\/bivouac-un-festival-familial-pour-le-travail\/festival\/\" data-orig-file=\"https:\/\/i0.wp.com\/nicotondeur.fr\/wp-content\/uploads\/2026\/08\/festival.png?fit=512%2C512&amp;ssl=1\" data-orig-size=\"512,512\" data-comments-opened=\"1\" data-image-meta=\"{&quot;aperture&quot;:&quot;0&quot;,&quot;credit&quot;:&quot;&quot;,&quot;camera&quot;:&quot;&quot;,&quot;caption&quot;:&quot;&quot;,&quot;created_timestamp&quot;:&quot;0&quot;,&quot;copyright&quot;:&quot;&quot;,&quot;focal_length&quot;:&quot;0&quot;,&quot;iso&quot;:&quot;0&quot;,&quot;shutter_speed&quot;:&quot;0&quot;,&quot;title&quot;:&quot;&quot;,&quot;orientation&quot;:&quot;0&quot;,&quot;alt&quot;:&quot;&quot;}\" data-image-title=\"festival\" data-image-description=\"\" data-image-caption=\"\" data-large-file=\"https:\/\/i0.wp.com\/nicotondeur.fr\/wp-content\/uploads\/2026\/08\/festival.png?fit=512%2C512&amp;ssl=1\" src=\"https:\/\/i0.wp.com\/nicotondeur.fr\/wp-content\/uploads\/2026\/08\/festival.png?resize=512%2C512&#038;ssl=1\" alt=\"\" class=\"wp-image-1457\" style=\"width:255px;height:auto\" srcset=\"https:\/\/i0.wp.com\/nicotondeur.fr\/wp-content\/uploads\/2026\/08\/festival.png?w=512&amp;ssl=1 512w, https:\/\/i0.wp.com\/nicotondeur.fr\/wp-content\/uploads\/2026\/08\/festival.png?resize=300%2C300&amp;ssl=1 300w, https:\/\/i0.wp.com\/nicotondeur.fr\/wp-content\/uploads\/2026\/08\/festival.png?resize=150%2C150&amp;ssl=1 150w, https:\/\/i0.wp.com\/nicotondeur.fr\/wp-content\/uploads\/2026\/08\/festival.png?resize=450%2C450&amp;ssl=1 450w, https:\/\/i0.wp.com\/nicotondeur.fr\/wp-content\/uploads\/2026\/08\/festival.png?resize=60%2C60&amp;ssl=1 60w\" sizes=\"auto, (max-width: 512px) 100vw, 512px\" \/><figcaption class=\"wp-element-caption\"><a href=\"https:\/\/www.flaticon.com\/free-icons\/concert\">Concert icons created by surang &#8211; Flaticon<\/a><\/figcaption><\/figure>\n<\/div>\n\n\n<p class=\"wp-block-paragraph\"><a href=\"https:\/\/bivouacfestival.com\">Bivouac<\/a> permet de prendre le temps. En effet, la programmation musicale commence \u00e0 18h chaque jour et permet donc de profiter des activit\u00e9s du festival mais aussi de celles du parc d\u2019Olhain (dont certaines comprises dans l\u2019entr\u00e9e). De plus, il n\u2019y a jamais 2 concerts en m\u00eame temps malgr\u00e9 la pr\u00e9sence de plusieurs sc\u00e8nes (3 pour cette \u00e9dition).<\/p>\n\n\n\n<p class=\"wp-block-paragraph\">On prend donc le temps de d\u00e9couvrir une programmation peu ordinaire. Chaque matin, nous avons retrouv\u00e9 des familles rencontr\u00e9es sur place pour aller profiter des circuits de filets dans les arbres du parc ou encore des luges 4 saisons. De plus, tout se trouvant dans un rayon de 200m, pas besoin de courir d\u2019un endroit \u00e0 un autre pour se nourrir, \u00e9couter de la musique, se poser pour se reposer\u2026<\/p>\n\n\n\n<p class=\"wp-block-paragraph\">Pourquoi je parle de <a href=\"https:\/\/bivouacfestival.com\">Bivouac<\/a> aujourd\u2019hui ? Pour plusieurs raisons\u2026 D\u2019abord, parceque c\u2019est grace au bouche \u00e0 oreille que ce genre de festival fonctionnera de mieux en mieux. En effet, la programmation plus exp\u00e9rimentale ne g\u00e9n\u00e8re pas une affluence record, qui irait \u00e0 l\u2019encontre du principe de slow festival. A moins donc d\u2019\u00eatre sur les canaux de communication d\u2019<a href=\"https:\/\/www.agauchedelalune.com\">A Gauche de la Lune<\/a> ou de <a href=\"https:\/\/droitdecite.com\">Droit de Cit\u00e9<\/a> je n&rsquo;ai pas vu \u00e9norm\u00e9ment d&rsquo;affichage ou de posts.<\/p>\n\n\n\n<p class=\"wp-block-paragraph\">Ensuite, c\u2019est le genre d\u2019initiative qui me correspond tout \u00e0 fait : participer, entant que festivalier ou peut-\u00eatre la prochaine fois entant que b\u00e9n\u00e9vole, orga\u2026, \u00e0 un \u00e9v\u00e9nement qui essaye de limiter son impact tout en permettant \u00e0 ces organisateurs d\u2019exp\u00e9rimenter des actions plus \u00e9thiques, \u00e9cologiques et\/ou locales est tout \u00e0 fait dans ma mouvance du moment.<\/p>\n\n\n\n<p class=\"wp-block-paragraph\">Pour finir, au del\u00e0 de l\u2019implication potentiel de <a href=\"https:\/\/techsys.fr\">Techsys<\/a> sur la prochaine \u00e9dition, si je peux mettre mon exp\u00e9rience d\u2019agiliste et de co-organisateur d\u2019\u00e9v\u00e9nements professionnels au service d\u2019une action locale, ca serait une jolie action de regroupement de mes valeurs.<\/p>\n\n\n\n<p class=\"wp-block-paragraph\">Alors, si vous \u00eates proches du <a href=\"https:\/\/bivouacfestival.com\">parc d\u2019Olhain<\/a> l\u2019ann\u00e9e prochaine pour le dernier weekend d\u2019Aout, pensez \u00e0 noter dans vos agendas cet \u00e9v\u00e9nement qui, dans notre calendrier familial, a d\u00e9j\u00e0 pris une place de choix !<\/p>\n","protected":false},"excerpt":{"rendered":"<p>Le weekend dernier, nous avons fait une exp\u00e9rience familiale de travail : nous sommes all\u00e9s au Festival Bivouac avec Sophie P et ma petite famille.<\/p>\n","protected":false},"author":1,"featured_media":1456,"comment_status":"open","ping_status":"open","sticky":false,"template":"","format":"standard","meta":{"_jetpack_newsletter_access":"","_jetpack_dont_email_post_to_subs":false,"_jetpack_newsletter_tier_id":0,"_jetpack_memberships_contains_paywalled_content":false,"_jetpack_feature_clip_id":0,"_jetpack_memberships_contains_paid_content":false,"footnotes":"","jetpack_publicize_message":"Le weekend dernier, nous avons fait une exp\u00e9rience familiale de travail : nous sommes all\u00e9s au Festival Bivouac avec Sophie P et ma petite famille.","jetpack_publicize_feature_enabled":true,"jetpack_social_post_already_shared":true,"jetpack_social_options":{"image_generator_settings":{"template":"highway","default_image_id":0,"font":"","enabled":false},"version":2},"jetpack_post_was_ever_published":false},"categories":[1],"tags":[4,28],"class_list":["post-1455","post","type-post","status-publish","format-standard","has-post-thumbnail","hentry","category-non-classe","tag-blog","tag-ecosocial","fallback-thumbnail"],"jetpack_publicize_connections":[],"jetpack_sharing_enabled":true,"jetpack_shortlink":"https:\/\/wp.me\/paJKjz-nt","jetpack-related-posts":[{"id":795,"url":"https:\/\/nicotondeur.fr\/index.php\/2022\/07\/26\/les-jeux-de-lete-des-sources-dinspiration\/","url_meta":{"origin":1455,"position":0},"title":"Les jeux de l&rsquo;\u00e9t\u00e9&#8230; des sources d&rsquo;inspiration?","author":"Nico Tondeur","date":"26 juillet 2022","format":false,"excerpt":"C'est pas nouveau, chaque \u00e9t\u00e9 l'univers du jeux de soci\u00e9t\u00e9 propose ses best sellers aux familles et groupes d'amis. Comme nous avions la chanson de l'\u00e9t\u00e9 dans les ann\u00e9es 90, nous avons maintenant les jeux de l'\u00e9t\u00e9. Image par TheAndrasBarta de Pixabay Ce ph\u00e9nom\u00e8ne n'est pas uniquement li\u00e9 au fait\u2026","rel":"","context":"Dans &quot;Non class\u00e9&quot;","block_context":{"text":"Non class\u00e9","link":"https:\/\/nicotondeur.fr\/index.php\/category\/non-classe\/"},"img":{"alt_text":"Image par TheAndrasBarta de Pixabay","src":"https:\/\/i0.wp.com\/nicotondeur.fr\/wp-content\/uploads\/2022\/07\/dice-1264058_1920.jpg?fit=1200%2C800&ssl=1&resize=350%2C200","width":350,"height":200,"srcset":"https:\/\/i0.wp.com\/nicotondeur.fr\/wp-content\/uploads\/2022\/07\/dice-1264058_1920.jpg?fit=1200%2C800&ssl=1&resize=350%2C200 1x, https:\/\/i0.wp.com\/nicotondeur.fr\/wp-content\/uploads\/2022\/07\/dice-1264058_1920.jpg?fit=1200%2C800&ssl=1&resize=525%2C300 1.5x, https:\/\/i0.wp.com\/nicotondeur.fr\/wp-content\/uploads\/2022\/07\/dice-1264058_1920.jpg?fit=1200%2C800&ssl=1&resize=700%2C400 2x, https:\/\/i0.wp.com\/nicotondeur.fr\/wp-content\/uploads\/2022\/07\/dice-1264058_1920.jpg?fit=1200%2C800&ssl=1&resize=1050%2C600 3x"},"classes":[]},{"id":1428,"url":"https:\/\/nicotondeur.fr\/index.php\/2026\/07\/28\/un-mois-de-juin-charge-des-vacances-meritees\/","url_meta":{"origin":1455,"position":1},"title":"Un mois de juin charg\u00e9, des vacances m\u00e9rit\u00e9es","author":"Nico Tondeur","date":"28 juillet 2026","format":false,"excerpt":"Je vous le racontais il y a quelques jours, j\u2019ai v\u00e9cu un mois de juin fort en \u00e9volutions \/ changements au niveau perso et pro, juin a \u00e9galement \u00e9t\u00e9 charg\u00e9 d\u2019un point de vue communautaire\u2026 Runner icons created by Leremy - Flaticon Tout a commenc\u00e9 fin mai, avec ma participation\u2026","rel":"","context":"Dans &quot;Non class\u00e9&quot;","block_context":{"text":"Non class\u00e9","link":"https:\/\/nicotondeur.fr\/index.php\/category\/non-classe\/"},"img":{"alt_text":"","src":"https:\/\/i0.wp.com\/nicotondeur.fr\/wp-content\/uploads\/2026\/07\/speed.png?fit=512%2C512&ssl=1&resize=350%2C200","width":350,"height":200},"classes":[]},{"id":1301,"url":"https:\/\/nicotondeur.fr\/index.php\/2026\/02\/10\/pourquoi-techsys\/","url_meta":{"origin":1455,"position":2},"title":"Pourquoi Techsys?","author":"Nico Tondeur","date":"10 f\u00e9vrier 2026","format":false,"excerpt":"Fin 2025, j\u2019ai pris du temps, presque 3 mois, sans aucun engagement professionnel. Certes, comme dirait ma compagne, je ne me suis pas du tout repos\u00e9 durant cette p\u00e9riode, mais j\u2019avais besoin de temps pour me recentrer. Image de Pixabay Me recentrer sur mes envies et capacit\u00e9s entant qu\u2019accompagnateur des\u2026","rel":"","context":"Dans &quot;Non class\u00e9&quot;","block_context":{"text":"Non class\u00e9","link":"https:\/\/nicotondeur.fr\/index.php\/category\/non-classe\/"},"img":{"alt_text":"","src":"https:\/\/i0.wp.com\/nicotondeur.fr\/wp-content\/uploads\/2026\/02\/alexas_fotos-humanity-2045992_1280.jpg?fit=1200%2C550&ssl=1&resize=350%2C200","width":350,"height":200,"srcset":"https:\/\/i0.wp.com\/nicotondeur.fr\/wp-content\/uploads\/2026\/02\/alexas_fotos-humanity-2045992_1280.jpg?fit=1200%2C550&ssl=1&resize=350%2C200 1x, https:\/\/i0.wp.com\/nicotondeur.fr\/wp-content\/uploads\/2026\/02\/alexas_fotos-humanity-2045992_1280.jpg?fit=1200%2C550&ssl=1&resize=525%2C300 1.5x, https:\/\/i0.wp.com\/nicotondeur.fr\/wp-content\/uploads\/2026\/02\/alexas_fotos-humanity-2045992_1280.jpg?fit=1200%2C550&ssl=1&resize=700%2C400 2x, https:\/\/i0.wp.com\/nicotondeur.fr\/wp-content\/uploads\/2026\/02\/alexas_fotos-humanity-2045992_1280.jpg?fit=1200%2C550&ssl=1&resize=1050%2C600 3x"},"classes":[]},{"id":1062,"url":"https:\/\/nicotondeur.fr\/index.php\/2025\/01\/30\/mais-quel-nico-ai-je-en-face-de-moi\/","url_meta":{"origin":1455,"position":3},"title":"Mais quel Nico ai-je en face de moi?","author":"Nico Tondeur","date":"30 janvier 2025","format":false,"excerpt":"Entre le Nico que vous rencontrez sur un \u00e9v\u00e9nement agile \/ professionnel et celui que sa famille connait il peut y avoir de grandes diff\u00e9rences... je me pose des questions sur ce sujet et je vous propose d'explorer ces interrogations avec moi.","rel":"","context":"Dans &quot;Non class\u00e9&quot;","block_context":{"text":"Non class\u00e9","link":"https:\/\/nicotondeur.fr\/index.php\/category\/non-classe\/"},"img":{"alt_text":"","src":"https:\/\/i0.wp.com\/nicotondeur.fr\/wp-content\/uploads\/2025\/01\/question-mark-6395460_1280.jpg?fit=1200%2C800&ssl=1&resize=350%2C200","width":350,"height":200,"srcset":"https:\/\/i0.wp.com\/nicotondeur.fr\/wp-content\/uploads\/2025\/01\/question-mark-6395460_1280.jpg?fit=1200%2C800&ssl=1&resize=350%2C200 1x, https:\/\/i0.wp.com\/nicotondeur.fr\/wp-content\/uploads\/2025\/01\/question-mark-6395460_1280.jpg?fit=1200%2C800&ssl=1&resize=525%2C300 1.5x, https:\/\/i0.wp.com\/nicotondeur.fr\/wp-content\/uploads\/2025\/01\/question-mark-6395460_1280.jpg?fit=1200%2C800&ssl=1&resize=700%2C400 2x, https:\/\/i0.wp.com\/nicotondeur.fr\/wp-content\/uploads\/2025\/01\/question-mark-6395460_1280.jpg?fit=1200%2C800&ssl=1&resize=1050%2C600 3x"},"classes":[]},{"id":145,"url":"https:\/\/nicotondeur.fr\/index.php\/2019\/06\/21\/stressss\/","url_meta":{"origin":1455,"position":4},"title":"Stressss!!!","author":"Nico Tondeur","date":"21 juin 2019","format":false,"excerpt":"Fin 2016 j'ai eu le plaisir d'intervenir \u00e0 l'Agile Tour Aix Marseille. Lors de cet \u00e9v\u00e9nement, j'ai \u00e9chang\u00e9 avec un cadre de la SOMEI (Soci\u00e9t\u00e9 qui g\u00e8re l'informatique de la Soci\u00e9t\u00e9 des Eaux de Marseille). Suite \u00e0 cet \u00e9change, Matthieu Salikhov, mon \"padawan\" de l'\u00e9poque, et moi, avons \u00e9t\u00e9 sollicit\u00e9s\u2026","rel":"","context":"Dans &quot;Non class\u00e9&quot;","block_context":{"text":"Non class\u00e9","link":"https:\/\/nicotondeur.fr\/index.php\/category\/non-classe\/"},"img":{"alt_text":"","src":"https:\/\/i0.wp.com\/nicotondeur.fr\/wp-content\/uploads\/2019\/06\/Stressss.png?fit=938%2C1082&ssl=1&resize=350%2C200","width":350,"height":200,"srcset":"https:\/\/i0.wp.com\/nicotondeur.fr\/wp-content\/uploads\/2019\/06\/Stressss.png?fit=938%2C1082&ssl=1&resize=350%2C200 1x, https:\/\/i0.wp.com\/nicotondeur.fr\/wp-content\/uploads\/2019\/06\/Stressss.png?fit=938%2C1082&ssl=1&resize=525%2C300 1.5x, https:\/\/i0.wp.com\/nicotondeur.fr\/wp-content\/uploads\/2019\/06\/Stressss.png?fit=938%2C1082&ssl=1&resize=700%2C400 2x"},"classes":[]},{"id":139,"url":"https:\/\/nicotondeur.fr\/index.php\/2019\/12\/12\/une-annee-de-gag-et-deja-plein-de-choses-apprises\/","url_meta":{"origin":1455,"position":5},"title":"Une ann\u00e9e de GAG et d\u00e9j\u00e0 plein de choses apprises","author":"Nico Tondeur","date":"12 d\u00e9cembre 2019","format":false,"excerpt":"En septembre 2018, avec Nextoo, nous nous sommes lanc\u00e9s dans l'aventure GAG. J'ai d\u00e9crit ce que le Groupe d'Agilisation et de Gamification tente d'accomplir ici. Mais en cette fin d'ann\u00e9e, je voudrais exposer un peu l'exp\u00e9rience acquise dans le domaine de la gestion de ce groupe. A l'origine, nous avions\u2026","rel":"","context":"Dans &quot;Non class\u00e9&quot;","block_context":{"text":"Non class\u00e9","link":"https:\/\/nicotondeur.fr\/index.php\/category\/non-classe\/"},"img":{"alt_text":"Image parAndreas Lischka de Pixabay","src":"https:\/\/i0.wp.com\/nicotondeur.fr\/wp-content\/uploads\/2019\/11\/calendar-1990453_1920.jpg?fit=1200%2C800&ssl=1&resize=350%2C200","width":350,"height":200,"srcset":"https:\/\/i0.wp.com\/nicotondeur.fr\/wp-content\/uploads\/2019\/11\/calendar-1990453_1920.jpg?fit=1200%2C800&ssl=1&resize=350%2C200 1x, https:\/\/i0.wp.com\/nicotondeur.fr\/wp-content\/uploads\/2019\/11\/calendar-1990453_1920.jpg?fit=1200%2C800&ssl=1&resize=525%2C300 1.5x, https:\/\/i0.wp.com\/nicotondeur.fr\/wp-content\/uploads\/2019\/11\/calendar-1990453_1920.jpg?fit=1200%2C800&ssl=1&resize=700%2C400 2x, https:\/\/i0.wp.com\/nicotondeur.fr\/wp-content\/uploads\/2019\/11\/calendar-1990453_1920.jpg?fit=1200%2C800&ssl=1&resize=1050%2C600 3x"},"classes":[]}],"jetpack_featured_media_url":"https:\/\/i0.wp.com\/nicotondeur.fr\/wp-content\/uploads\/2026\/08\/camping.png?fit=512%2C512&ssl=1","_links":{"self":[{"href":"https:\/\/nicotondeur.fr\/index.php\/wp-json\/wp\/v2\/posts\/1455","targetHints":{"allow":["GET"]}}],"collection":[{"href":"https:\/\/nicotondeur.fr\/index.php\/wp-json\/wp\/v2\/posts"}],"about":[{"href":"https:\/\/nicotondeur.fr\/index.php\/wp-json\/wp\/v2\/types\/post"}],"author":[{"embeddable":true,"href":"https:\/\/nicotondeur.fr\/index.php\/wp-json\/wp\/v2\/users\/1"}],"replies":[{"embeddable":true,"href":"https:\/\/nicotondeur.fr\/index.php\/wp-json\/wp\/v2\/comments?post=1455"}],"version-history":[{"count":1,"href":"https:\/\/nicotondeur.fr\/index.php\/wp-json\/wp\/v2\/posts\/1455\/revisions"}],"predecessor-version":[{"id":1458,"href":"https:\/\/nicotondeur.fr\/index.php\/wp-json\/wp\/v2\/posts\/1455\/revisions\/1458"}],"wp:featuredmedia":[{"embeddable":true,"href":"https:\/\/nicotondeur.fr\/index.php\/wp-json\/wp\/v2\/media\/1456"}],"wp:attachment":[{"href":"https:\/\/nicotondeur.fr\/index.php\/wp-json\/wp\/v2\/media?parent=1455"}],"wp:term":[{"taxonomy":"category","embeddable":true,"href":"https:\/\/nicotondeur.fr\/index.php\/wp-json\/wp\/v2\/categories?post=1455"},{"taxonomy":"post_tag","embeddable":true,"href":"https:\/\/nicotondeur.fr\/index.php\/wp-json\/wp\/v2\/tags?post=1455"}],"curies":[{"name":"wp","href":"https:\/\/api.w.org\/{rel}","templated":true}]}}